{"id":1031,"date":"2023-06-30T23:44:43","date_gmt":"2023-06-30T23:44:43","guid":{"rendered":"https:\/\/bznd.org\/WordpressInstallationsVZ\/?p=1031"},"modified":"2023-11-07T18:00:27","modified_gmt":"2023-11-07T18:00:27","slug":"abkuerzungbznd","status":"publish","type":"post","link":"https:\/\/bznd.org\/index.php\/2023\/06\/30\/abkuerzungbznd\/","title":{"rendered":"Die Abk\u00fcrzung BZND"},"content":{"rendered":"<div class=\"fusion-fullwidth fullwidth-box fusion-builder-row-1 fusion-flex-container has-pattern-background has-mask-background fusion-parallax-fixed nonhundred-percent-fullwidth non-hundred-percent-height-scrolling lazyload\" style=\"--awb-background-repeat:repeat-x;--awb-border-radius-top-left:0px;--awb-border-radius-top-right:0px;--awb-border-radius-bottom-right:0px;--awb-border-radius-bottom-left:0px;--awb-padding-top:150px;--awb-padding-bottom:90px;--awb-padding-top-medium:80px;--awb-background-color:var(--awb-color4);--awb-flex-wrap:wrap;background-attachment:fixed;\" data-bg=\"https:\/\/bznd.org\/choonuks\/2023\/09\/Nicht-benannt-2.png\" ><div class=\"fusion-builder-row fusion-row fusion-flex-align-items-flex-start fusion-flex-justify-content-center fusion-flex-content-wrap\" style=\"max-width:1216.8px;margin-left: calc(-4% \/ 2 );margin-right: calc(-4% \/ 2 );\"><div class=\"fusion-layout-column fusion_builder_column fusion-builder-column-0 fusion_builder_column_1_1 1_1 fusion-flex-column\" style=\"--awb-padding-top:50px;--awb-padding-right:50px;--awb-padding-bottom:50px;--awb-padding-left:50px;--awb-bg-color:var(--awb-color1);--awb-bg-color-hover:var(--awb-color1);--awb-bg-size:cover;--awb-border-color:var(--awb-color4);--awb-border-bottom:8px;--awb-border-style:solid;--awb-width-large:100%;--awb-margin-top-large:0px;--awb-spacing-right-large:1.92%;--awb-margin-bottom-large:0px;--awb-spacing-left-large:1.92%;--awb-width-medium:75%;--awb-order-medium:0;--awb-spacing-right-medium:2.56%;--awb-spacing-left-medium:2.56%;--awb-width-small:100%;--awb-order-small:0;--awb-spacing-right-small:1.92%;--awb-spacing-left-small:1.92%;\" data-scroll-devices=\"small-visibility,medium-visibility,large-visibility\"><div class=\"fusion-column-wrapper fusion-column-has-shadow fusion-flex-justify-content-flex-start fusion-content-layout-column\"><div class=\"fusion-separator fusion-full-width-sep\" style=\"align-self: center;margin-left: auto;margin-right: auto;margin-top:40px;width:100%;\"><\/div><div class=\"fusion-title title fusion-title-1 fusion-sep-none fusion-title-text fusion-title-size-two\" style=\"--awb-margin-top-small:0px;--awb-margin-right-small:0px;--awb-margin-bottom-small:20px;--awb-margin-left-small:0px;--awb-font-size:var(--awb-typography2-font-size);\"><h2 class=\"fusion-title-heading title-heading-left fusion-responsive-typography-calculated\" style=\"font-family:var(--awb-typography2-font-family);font-weight:var(--awb-typography2-font-weight);font-style:var(--awb-typography2-font-style);margin:0;letter-spacing:var(--awb-typography2-letter-spacing);text-transform:var(--awb-typography2-text-transform);font-size:1em;--fontSize:50;line-height:var(--awb-typography2-line-height);\">WARUM das B in BZND?<\/h2><\/div><\/div><\/div><div class=\"fusion-layout-column fusion_builder_column fusion-builder-column-1 fusion_builder_column_1_1 1_1 fusion-flex-column\" style=\"--awb-padding-top:50px;--awb-padding-right:50px;--awb-padding-bottom:50px;--awb-padding-left:50px;--awb-bg-color:var(--awb-color1);--awb-bg-color-hover:var(--awb-color1);--awb-bg-size:cover;--awb-border-color:var(--awb-color4);--awb-border-bottom:8px;--awb-border-style:solid;--awb-width-large:100%;--awb-margin-top-large:0px;--awb-spacing-right-large:1.92%;--awb-margin-bottom-large:0px;--awb-spacing-left-large:1.92%;--awb-width-medium:75%;--awb-spacing-right-medium:2.56%;--awb-spacing-left-medium:2.56%;--awb-width-small:100%;--awb-spacing-right-small:1.92%;--awb-spacing-left-small:1.92%;\"><div class=\"fusion-column-wrapper fusion-flex-justify-content-flex-start fusion-content-layout-column\"><div class=\"fusion-text fusion-text-1\"><p class=\"p1\"><span style=\"color: var(--awb-text-color); font-family: var(--awb-text-font-family); font-size: var(--awb-font-size); font-style: var(--awb-text-font-style); font-weight: var(--awb-text-font-weight); letter-spacing: var(--awb-letter-spacing); text-align: var(--awb-content-alignment); text-transform: var(--awb-text-transform); background-color: var(--awb-bg-color-hover);\">Der Name BZND Zentrum f\u00fcr Neurodiversit\u00e4t e.V. fand seinen Anfang mit einer gro\u00dfen Idee. Das B in BNZD e.V. ist eng verkn\u00fcpft mit der Entstehungsgeschichte des Vereins.\u00a0<\/span><\/p>\n<\/div><div class=\"fusion-separator fusion-full-width-sep\" style=\"align-self: center;margin-left: auto;margin-right: auto;margin-top:40px;width:100%;\"><\/div><div class=\"fusion-title title fusion-title-2 fusion-sep-none fusion-title-text fusion-title-size-two\" style=\"--awb-margin-top-small:0px;--awb-margin-right-small:0px;--awb-margin-bottom-small:20px;--awb-margin-left-small:0px;--awb-font-size:25px;\"><h2 class=\"fusion-title-heading title-heading-left fusion-responsive-typography-calculated\" style=\"font-family:var(--awb-typography3-font-family);font-weight:var(--awb-typography3-font-weight);font-style:var(--awb-typography3-font-style);margin:0;letter-spacing:0px;font-size:1em;--fontSize:25;--minFontSize:25;line-height:1.3;\">DAS B<\/h2><\/div><div class=\"fusion-text fusion-text-2\"><p class=\"p1\"><span style=\"color: var(--awb-text-color); font-family: var(--awb-text-font-family); font-size: var(--awb-font-size); font-style: var(--awb-text-font-style); font-weight: var(--awb-text-font-weight); letter-spacing: var(--awb-letter-spacing); text-align: var(--awb-content-alignment); text-transform: var(--awb-text-transform); background-color: var(--awb-bg-color-hover);\">Wir wollten ein bundesweites Zentrum gr\u00fcnden, das als Dachorganisation f\u00fcr viele kleine Vereine und Interessensverb\u00e4nde zum Thema Neurodiversit\u00e4t in Deutschland aktiv ist. BZND sollte also f\u00fcr <\/span><i style=\"color: var(--awb-text-color); font-family: var(--awb-text-font-family); font-size: var(--awb-font-size); font-weight: var(--awb-text-font-weight); letter-spacing: var(--awb-letter-spacing); text-align: var(--awb-content-alignment); text-transform: var(--awb-text-transform); background-color: var(--awb-bg-color-hover);\">Bundesweites Zentrum f\u00fcr NeuroDiversit\u00e4t <\/i><span style=\"color: var(--awb-text-color); font-family: var(--awb-text-font-family); font-size: var(--awb-font-size); font-style: var(--awb-text-font-style); font-weight: var(--awb-text-font-weight); letter-spacing: var(--awb-letter-spacing); text-align: var(--awb-content-alignment); text-transform: var(--awb-text-transform); background-color: var(--awb-bg-color-hover);\">stehen. Das liessen wir m\u00fcndlich beim Amtsgericht pr\u00fcfen und setzten dann alle anderen Gr\u00fcndungsaktivit\u00e4ten mit dem Finanzamt und dem Notariat fort. Monate sp\u00e4ter &#8211; alle unsere Domains liefen schon auf BZND &#8211; kam die Nachricht, dass &#8220;bundesweit&#8221; nur f\u00fcr Organisationen im Namen genehmigt wird, die nachweisen k\u00f6nnen, dass sie bundesweit aktiv sind. Nach langem Hin und Her entschied das Gr\u00fcndungsteam das B in der Abk\u00fcrzung zu behalten und dem Verein den Namen BZND Zentrum f\u00fcr Neurodiversit\u00e4t e.V. zu geben.<\/span><\/p>\n<p class=\"p1\">Das B in BZND spiegelt also eine gro\u00dfe Vision wider, dass der Name bald auch mit einem bundesweit versehen werden kann. Das B steht daf\u00fcr bestehende Grenzen zu \u00fcberwinden sowie neue M\u00f6glichkeiten und Horizonte zu er\u00f6ffnen.<\/p>\n<p class=\"p1\">Die Abk\u00fcrzung BZND ist daher ein Symbol daf\u00fcr, dass wir zusammen mit <span style=\"color: var(--awb-text-color); font-family: var(--awb-text-font-family); font-size: var(--awb-font-size); font-style: var(--awb-text-font-style); font-weight: var(--awb-text-font-weight); letter-spacing: var(--awb-letter-spacing); text-align: var(--awb-content-alignment); text-transform: var(--awb-text-transform); background-color: var(--awb-bg-color-hover);\">Entschlossenheit unsere Gesellschaft transformieren. Sie verankert im Herzen der Organisation einen Willen zu Gr\u00f6\u00dfe und Wachstum, damit wir alle gemeinsam &#8211; inspiriert durch Neurodiversit\u00e4t &#8211; eine inklusive und gesunde Zukunft gestalten.<\/span><\/p>\n<\/div><div class=\"fusion-separator fusion-full-width-sep\" style=\"align-self: center;margin-left: auto;margin-right: auto;margin-top:40px;width:100%;\"><\/div><div class=\"fusion-title title fusion-title-3 fusion-sep-none fusion-title-text fusion-title-size-two\" style=\"--awb-margin-top-small:0px;--awb-margin-right-small:0px;--awb-margin-bottom-small:20px;--awb-margin-left-small:0px;--awb-font-size:25px;\"><h2 class=\"fusion-title-heading title-heading-left fusion-responsive-typography-calculated\" style=\"font-family:var(--awb-typography3-font-family);font-weight:var(--awb-typography3-font-weight);font-style:var(--awb-typography3-font-style);margin:0;letter-spacing:0px;font-size:1em;--fontSize:25;--minFontSize:25;line-height:1.3;\">EntstehungsGEschichte<\/h2><\/div><div class=\"fusion-text fusion-text-3\"><p>Der Verein BZND Zentrum f\u00fcr Neurodiversit\u00e4t e.V. wurde 2021 nach \u00fcber einem Jahr Vorarbeit gegr\u00fcndet. Wir hatten uns w\u00e4hrend das 1. Lockdowns als Gr\u00fcndungsteam online zusammen gefunden. Aus eigener Betroffenheit oder weil unsere Familienangeh\u00f6rigen und Freunde mit einer Bandbreite von unterschiedlichen Neurodivergenzen durchs Leben gehen, sahen wir die Notwendigkeit die Sichtbarkeit und das Bewusstsein f\u00fcr Neurodiversit\u00e4t zu erh\u00f6hen. Uns verband auch ein gro\u00dfes Interesse an Wissenschaft und Forschung zu praktischen L\u00f6sungsm\u00f6glichkeiten, um den Herausforderungen im neuroatypischen Alltag zu begegnen und Menschen mehr Gesundheit zu erm\u00f6glichen.<\/p>\n<p>Heute sind wir ein Team aus Wissenschaftlerinnen und Wissenschaftlern, aus Praktikern und selbst Betroffenen. Wir behandeln das Themenfeld der Neurodiversit\u00e4t und Neurodivergenzen in unterschiedlichen Fachbereichen. Wir haben Fachleute aus Psychologie und Sozialarbeit, aus IT und Kommunikationswissenschaften, aus BWL, Informatik, Physik und Elektrotechnik, aus Biologie, Chemie, Medizin und P\u00e4dagogik im Team. Manche Teammitglieder haben spezielle Ausbildungen absolviert, um Menschen mit unterschiedlichen Neurodivergenzen professionell zu begleiten.<\/p>\n<p>Alle bringen sich ein mit ihrem Wissen und ihrer Erfahrung zur Neurodiversit\u00e4t. Wir sto\u00dfen auf viel <span style=\"color: var(--awb-text-color); font-family: var(--awb-text-font-family); font-size: var(--awb-font-size); font-style: var(--awb-text-font-style); font-weight: var(--awb-text-font-weight); letter-spacing: var(--awb-letter-spacing); text-align: var(--awb-content-alignment); text-transform: var(--awb-text-transform); background-color: var(--awb-bg-color-hover);\">positive Resonanz und<\/span><span style=\"background-color: var(--awb-bg-color-hover); color: var(--awb-text-color); font-family: var(--awb-text-font-family); font-size: var(--awb-font-size); font-style: var(--awb-text-font-style); font-weight: var(--awb-text-font-weight); letter-spacing: var(--awb-letter-spacing); text-align: var(--awb-content-alignment); text-transform: var(--awb-text-transform);\"> wachsende Nachfrage. Uns freut sehr, dass der BZND e.V. lebendig ist und w\u00e4chst und sich mit Leidenschaft f\u00fcr Akzeptanz und Chancengleichheit neurodivergenter Menschen einsetzt.<\/span><\/p>\n<\/div><\/div><\/div><\/div><\/div>\n","protected":false},"excerpt":{"rendered":"","protected":false},"author":4,"featured_media":1548,"comment_status":"closed","ping_status":"closed","sticky":false,"template":"","format":"standard","meta":{"footnotes":""},"categories":[13,1],"tags":[],"class_list":["post-1031","post","type-post","status-publish","format-standard","has-post-thumbnail","hentry","category-startseite","category-uncategorized"],"yoast_head":"\n<title>Die Abk\u00fcrzung BZND - BZND Zentrum f\u00fcr Neurodiversit\u00e4t e.V.<\/title>\n<meta name=\"robots\" content=\"index, follow, max-snippet:-1, max-image-preview:large, max-video-preview:-1\" \/>\n<link rel=\"canonical\" href=\"https:\/\/bznd.org\/index.php\/2023\/06\/30\/abkuerzungbznd\/\" \/>\n<meta property=\"og:locale\" content=\"de_DE\" \/>\n<meta property=\"og:type\" content=\"article\" \/>\n<meta property=\"og:title\" content=\"Die Abk\u00fcrzung BZND - BZND Zentrum f\u00fcr Neurodiversit\u00e4t e.V.\" \/>\n<meta property=\"og:url\" content=\"https:\/\/bznd.org\/index.php\/2023\/06\/30\/abkuerzungbznd\/\" \/>\n<meta property=\"og:site_name\" content=\"BZND Zentrum f\u00fcr Neurodiversit\u00e4t e.V.\" \/>\n<meta property=\"article:published_time\" content=\"2023-06-30T23:44:43+00:00\" \/>\n<meta property=\"article:modified_time\" content=\"2023-11-07T18:00:27+00:00\" \/>\n<meta property=\"og:image\" content=\"https:\/\/bznd.org\/choonuks\/2023\/09\/Nicht-benannt-3-e1696098203528.png\" \/>\n\t<meta property=\"og:image:width\" content=\"800\" \/>\n\t<meta property=\"og:image:height\" content=\"600\" \/>\n\t<meta property=\"og:image:type\" content=\"image\/png\" \/>\n<meta name=\"author\" content=\"Judith Rommel\" \/>\n<meta name=\"twitter:card\" content=\"summary_large_image\" \/>\n<meta name=\"twitter:label1\" content=\"Verfasst von\" \/>\n\t<meta name=\"twitter:data1\" content=\"Judith Rommel\" \/>\n\t<meta name=\"twitter:label2\" content=\"Gesch\u00e4tzte Lesezeit\" \/>\n\t<meta name=\"twitter:data2\" content=\"6\u00a0Minuten\" \/>\n<script type=\"application\/ld+json\" class=\"yoast-schema-graph\">{\"@context\":\"https:\\\/\\\/schema.org\",\"@graph\":[{\"@type\":\"Article\",\"@id\":\"https:\\\/\\\/bznd.org\\\/index.php\\\/2023\\\/06\\\/30\\\/abkuerzungbznd\\\/#article\",\"isPartOf\":{\"@id\":\"https:\\\/\\\/bznd.org\\\/index.php\\\/2023\\\/06\\\/30\\\/abkuerzungbznd\\\/\"},\"author\":{\"name\":\"Judith Rommel\",\"@id\":\"https:\\\/\\\/bznd.org\\\/#\\\/schema\\\/person\\\/c7be649ff4a973b56e225e1d01eecdd5\"},\"headline\":\"Die Abk\u00fcrzung BZND\",\"datePublished\":\"2023-06-30T23:44:43+00:00\",\"dateModified\":\"2023-11-07T18:00:27+00:00\",\"mainEntityOfPage\":{\"@id\":\"https:\\\/\\\/bznd.org\\\/index.php\\\/2023\\\/06\\\/30\\\/abkuerzungbznd\\\/\"},\"wordCount\":2296,\"publisher\":{\"@id\":\"https:\\\/\\\/bznd.org\\\/#organization\"},\"image\":{\"@id\":\"https:\\\/\\\/bznd.org\\\/index.php\\\/2023\\\/06\\\/30\\\/abkuerzungbznd\\\/#primaryimage\"},\"thumbnailUrl\":\"https:\\\/\\\/bznd.org\\\/wp-content\\\/uploads\\\/2023\\\/09\\\/Nicht-benannt-3-e1696098203528.png\",\"articleSection\":[\"Startseite\",\"Uncategorized\"],\"inLanguage\":\"de\"},{\"@type\":\"WebPage\",\"@id\":\"https:\\\/\\\/bznd.org\\\/index.php\\\/2023\\\/06\\\/30\\\/abkuerzungbznd\\\/\",\"url\":\"https:\\\/\\\/bznd.org\\\/index.php\\\/2023\\\/06\\\/30\\\/abkuerzungbznd\\\/\",\"name\":\"Die Abk\u00fcrzung BZND - BZND Zentrum f\u00fcr Neurodiversit\u00e4t e.V.\",\"isPartOf\":{\"@id\":\"https:\\\/\\\/bznd.org\\\/#website\"},\"primaryImageOfPage\":{\"@id\":\"https:\\\/\\\/bznd.org\\\/index.php\\\/2023\\\/06\\\/30\\\/abkuerzungbznd\\\/#primaryimage\"},\"image\":{\"@id\":\"https:\\\/\\\/bznd.org\\\/index.php\\\/2023\\\/06\\\/30\\\/abkuerzungbznd\\\/#primaryimage\"},\"thumbnailUrl\":\"https:\\\/\\\/bznd.org\\\/wp-content\\\/uploads\\\/2023\\\/09\\\/Nicht-benannt-3-e1696098203528.png\",\"datePublished\":\"2023-06-30T23:44:43+00:00\",\"dateModified\":\"2023-11-07T18:00:27+00:00\",\"breadcrumb\":{\"@id\":\"https:\\\/\\\/bznd.org\\\/index.php\\\/2023\\\/06\\\/30\\\/abkuerzungbznd\\\/#breadcrumb\"},\"inLanguage\":\"de\",\"potentialAction\":[{\"@type\":\"ReadAction\",\"target\":[\"https:\\\/\\\/bznd.org\\\/index.php\\\/2023\\\/06\\\/30\\\/abkuerzungbznd\\\/\"]}]},{\"@type\":\"ImageObject\",\"inLanguage\":\"de\",\"@id\":\"https:\\\/\\\/bznd.org\\\/index.php\\\/2023\\\/06\\\/30\\\/abkuerzungbznd\\\/#primaryimage\",\"url\":\"https:\\\/\\\/bznd.org\\\/wp-content\\\/uploads\\\/2023\\\/09\\\/Nicht-benannt-3-e1696098203528.png\",\"contentUrl\":\"https:\\\/\\\/bznd.org\\\/wp-content\\\/uploads\\\/2023\\\/09\\\/Nicht-benannt-3-e1696098203528.png\",\"width\":800,\"height\":600},{\"@type\":\"BreadcrumbList\",\"@id\":\"https:\\\/\\\/bznd.org\\\/index.php\\\/2023\\\/06\\\/30\\\/abkuerzungbznd\\\/#breadcrumb\",\"itemListElement\":[{\"@type\":\"ListItem\",\"position\":1,\"name\":\"Startseite\",\"item\":\"https:\\\/\\\/bznd.org\\\/\"},{\"@type\":\"ListItem\",\"position\":2,\"name\":\"Die Abk\u00fcrzung BZND\"}]},{\"@type\":\"WebSite\",\"@id\":\"https:\\\/\\\/bznd.org\\\/#website\",\"url\":\"https:\\\/\\\/bznd.org\\\/\",\"name\":\"BZND Zentrum f\u00fcr Neurodiversit\u00e4t e.V.\",\"description\":\"Wir setzen uns als gemeinn\u00fctziger Verein f\u00fcr Menschen mit Neurodiversit\u00e4t ein!\",\"publisher\":{\"@id\":\"https:\\\/\\\/bznd.org\\\/#organization\"},\"potentialAction\":[{\"@type\":\"SearchAction\",\"target\":{\"@type\":\"EntryPoint\",\"urlTemplate\":\"https:\\\/\\\/bznd.org\\\/?s={search_term_string}\"},\"query-input\":{\"@type\":\"PropertyValueSpecification\",\"valueRequired\":true,\"valueName\":\"search_term_string\"}}],\"inLanguage\":\"de\"},{\"@type\":\"Organization\",\"@id\":\"https:\\\/\\\/bznd.org\\\/#organization\",\"name\":\"BZND Zentrum f\u00fcr Neurodiversit\u00e4t e.V.\",\"url\":\"https:\\\/\\\/bznd.org\\\/\",\"logo\":{\"@type\":\"ImageObject\",\"inLanguage\":\"de\",\"@id\":\"https:\\\/\\\/bznd.org\\\/#\\\/schema\\\/logo\\\/image\\\/\",\"url\":\"https:\\\/\\\/bznd.org\\\/wp-content\\\/uploads\\\/2023\\\/04\\\/BZND_Favicon_270x270.png\",\"contentUrl\":\"https:\\\/\\\/bznd.org\\\/wp-content\\\/uploads\\\/2023\\\/04\\\/BZND_Favicon_270x270.png\",\"width\":270,\"height\":270,\"caption\":\"BZND Zentrum f\u00fcr Neurodiversit\u00e4t e.V.\"},\"image\":{\"@id\":\"https:\\\/\\\/bznd.org\\\/#\\\/schema\\\/logo\\\/image\\\/\"},\"sameAs\":[\"https:\\\/\\\/www.linkedin.com\\\/company\\\/bznd-zentrum-fuer-neurodiversitaet\\\/\"]},{\"@type\":\"Person\",\"@id\":\"https:\\\/\\\/bznd.org\\\/#\\\/schema\\\/person\\\/c7be649ff4a973b56e225e1d01eecdd5\",\"name\":\"Judith Rommel\",\"image\":{\"@type\":\"ImageObject\",\"inLanguage\":\"de\",\"@id\":\"https:\\\/\\\/secure.gravatar.com\\\/avatar\\\/d5f2a41060ddbcd9c0ed01dcdfb99ebf068ead57efd6a1d5f146f5a354c3d5af?s=96&d=mm&r=g\",\"url\":\"https:\\\/\\\/secure.gravatar.com\\\/avatar\\\/d5f2a41060ddbcd9c0ed01dcdfb99ebf068ead57efd6a1d5f146f5a354c3d5af?s=96&d=mm&r=g\",\"contentUrl\":\"https:\\\/\\\/secure.gravatar.com\\\/avatar\\\/d5f2a41060ddbcd9c0ed01dcdfb99ebf068ead57efd6a1d5f146f5a354c3d5af?s=96&d=mm&r=g\",\"caption\":\"Judith Rommel\"},\"url\":\"https:\\\/\\\/bznd.org\\\/index.php\\\/author\\\/judith-rommel\\\/\"}]}<\/script>\n","yoast_head_json":{"title":"Die Abk\u00fcrzung BZND - BZND Zentrum f\u00fcr Neurodiversit\u00e4t e.V.","robots":{"index":"index","follow":"follow","max-snippet":"max-snippet:-1","max-image-preview":"max-image-preview:large","max-video-preview":"max-video-preview:-1"},"canonical":"https:\/\/bznd.org\/index.php\/2023\/06\/30\/abkuerzungbznd\/","og_locale":"de_DE","og_type":"article","og_title":"Die Abk\u00fcrzung BZND - BZND Zentrum f\u00fcr Neurodiversit\u00e4t e.V.","og_url":"https:\/\/bznd.org\/index.php\/2023\/06\/30\/abkuerzungbznd\/","og_site_name":"BZND Zentrum f\u00fcr Neurodiversit\u00e4t e.V.","article_published_time":"2023-06-30T23:44:43+00:00","article_modified_time":"2023-11-07T18:00:27+00:00","og_image":[{"width":800,"height":600,"url":"https:\/\/bznd.org\/choonuks\/2023\/09\/Nicht-benannt-3-e1696098203528.png","type":"image\/png"}],"author":"Judith Rommel","twitter_card":"summary_large_image","twitter_misc":{"Verfasst von":"Judith Rommel","Gesch\u00e4tzte Lesezeit":"6\u00a0Minuten"},"schema":{"@context":"https:\/\/schema.org","@graph":[{"@type":"Article","@id":"https:\/\/bznd.org\/index.php\/2023\/06\/30\/abkuerzungbznd\/#article","isPartOf":{"@id":"https:\/\/bznd.org\/index.php\/2023\/06\/30\/abkuerzungbznd\/"},"author":{"name":"Judith Rommel","@id":"https:\/\/bznd.org\/#\/schema\/person\/c7be649ff4a973b56e225e1d01eecdd5"},"headline":"Die Abk\u00fcrzung BZND","datePublished":"2023-06-30T23:44:43+00:00","dateModified":"2023-11-07T18:00:27+00:00","mainEntityOfPage":{"@id":"https:\/\/bznd.org\/index.php\/2023\/06\/30\/abkuerzungbznd\/"},"wordCount":2296,"publisher":{"@id":"https:\/\/bznd.org\/#organization"},"image":{"@id":"https:\/\/bznd.org\/index.php\/2023\/06\/30\/abkuerzungbznd\/#primaryimage"},"thumbnailUrl":"https:\/\/bznd.org\/choonuks\/2023\/09\/Nicht-benannt-3-e1696098203528.png","articleSection":["Startseite","Uncategorized"],"inLanguage":"de"},{"@type":"WebPage","@id":"https:\/\/bznd.org\/index.php\/2023\/06\/30\/abkuerzungbznd\/","url":"https:\/\/bznd.org\/index.php\/2023\/06\/30\/abkuerzungbznd\/","name":"Die Abk\u00fcrzung BZND - BZND Zentrum f\u00fcr Neurodiversit\u00e4t e.V.","isPartOf":{"@id":"https:\/\/bznd.org\/#website"},"primaryImageOfPage":{"@id":"https:\/\/bznd.org\/index.php\/2023\/06\/30\/abkuerzungbznd\/#primaryimage"},"image":{"@id":"https:\/\/bznd.org\/index.php\/2023\/06\/30\/abkuerzungbznd\/#primaryimage"},"thumbnailUrl":"https:\/\/bznd.org\/choonuks\/2023\/09\/Nicht-benannt-3-e1696098203528.png","datePublished":"2023-06-30T23:44:43+00:00","dateModified":"2023-11-07T18:00:27+00:00","breadcrumb":{"@id":"https:\/\/bznd.org\/index.php\/2023\/06\/30\/abkuerzungbznd\/#breadcrumb"},"inLanguage":"de","potentialAction":[{"@type":"ReadAction","target":["https:\/\/bznd.org\/index.php\/2023\/06\/30\/abkuerzungbznd\/"]}]},{"@type":"ImageObject","inLanguage":"de","@id":"https:\/\/bznd.org\/index.php\/2023\/06\/30\/abkuerzungbznd\/#primaryimage","url":"https:\/\/bznd.org\/choonuks\/2023\/09\/Nicht-benannt-3-e1696098203528.png","contentUrl":"https:\/\/bznd.org\/choonuks\/2023\/09\/Nicht-benannt-3-e1696098203528.png","width":800,"height":600},{"@type":"BreadcrumbList","@id":"https:\/\/bznd.org\/index.php\/2023\/06\/30\/abkuerzungbznd\/#breadcrumb","itemListElement":[{"@type":"ListItem","position":1,"name":"Startseite","item":"https:\/\/bznd.org\/"},{"@type":"ListItem","position":2,"name":"Die Abk\u00fcrzung BZND"}]},{"@type":"WebSite","@id":"https:\/\/bznd.org\/#website","url":"https:\/\/bznd.org\/","name":"BZND Zentrum f\u00fcr Neurodiversit\u00e4t e.V.","description":"Wir setzen uns als gemeinn\u00fctziger Verein f\u00fcr Menschen mit Neurodiversit\u00e4t ein!","publisher":{"@id":"https:\/\/bznd.org\/#organization"},"potentialAction":[{"@type":"SearchAction","target":{"@type":"EntryPoint","urlTemplate":"https:\/\/bznd.org\/?s={search_term_string}"},"query-input":{"@type":"PropertyValueSpecification","valueRequired":true,"valueName":"search_term_string"}}],"inLanguage":"de"},{"@type":"Organization","@id":"https:\/\/bznd.org\/#organization","name":"BZND Zentrum f\u00fcr Neurodiversit\u00e4t e.V.","url":"https:\/\/bznd.org\/","logo":{"@type":"ImageObject","inLanguage":"de","@id":"https:\/\/bznd.org\/#\/schema\/logo\/image\/","url":"https:\/\/bznd.org\/choonuks\/2023\/04\/BZND_Favicon_270x270.png","contentUrl":"https:\/\/bznd.org\/choonuks\/2023\/04\/BZND_Favicon_270x270.png","width":270,"height":270,"caption":"BZND Zentrum f\u00fcr Neurodiversit\u00e4t e.V."},"image":{"@id":"https:\/\/bznd.org\/#\/schema\/logo\/image\/"},"sameAs":["https:\/\/www.linkedin.com\/company\/bznd-zentrum-fuer-neurodiversitaet\/"]},{"@type":"Person","@id":"https:\/\/bznd.org\/#\/schema\/person\/c7be649ff4a973b56e225e1d01eecdd5","name":"Judith Rommel","image":{"@type":"ImageObject","inLanguage":"de","@id":"https:\/\/secure.gravatar.com\/avatar\/d5f2a41060ddbcd9c0ed01dcdfb99ebf068ead57efd6a1d5f146f5a354c3d5af?s=96&d=mm&r=g","url":"https:\/\/secure.gravatar.com\/avatar\/d5f2a41060ddbcd9c0ed01dcdfb99ebf068ead57efd6a1d5f146f5a354c3d5af?s=96&d=mm&r=g","contentUrl":"https:\/\/secure.gravatar.com\/avatar\/d5f2a41060ddbcd9c0ed01dcdfb99ebf068ead57efd6a1d5f146f5a354c3d5af?s=96&d=mm&r=g","caption":"Judith Rommel"},"url":"https:\/\/bznd.org\/index.php\/author\/judith-rommel\/"}]}},"_links":{"self":[{"href":"https:\/\/bznd.org\/index.php\/wp-json\/wp\/v2\/posts\/1031","targetHints":{"allow":["GET"]}}],"collection":[{"href":"https:\/\/bznd.org\/index.php\/wp-json\/wp\/v2\/posts"}],"about":[{"href":"https:\/\/bznd.org\/index.php\/wp-json\/wp\/v2\/types\/post"}],"author":[{"embeddable":true,"href":"https:\/\/bznd.org\/index.php\/wp-json\/wp\/v2\/users\/4"}],"replies":[{"embeddable":true,"href":"https:\/\/bznd.org\/index.php\/wp-json\/wp\/v2\/comments?post=1031"}],"version-history":[{"count":34,"href":"https:\/\/bznd.org\/index.php\/wp-json\/wp\/v2\/posts\/1031\/revisions"}],"predecessor-version":[{"id":1691,"href":"https:\/\/bznd.org\/index.php\/wp-json\/wp\/v2\/posts\/1031\/revisions\/1691"}],"wp:featuredmedia":[{"embeddable":true,"href":"https:\/\/bznd.org\/index.php\/wp-json\/wp\/v2\/media\/1548"}],"wp:attachment":[{"href":"https:\/\/bznd.org\/index.php\/wp-json\/wp\/v2\/media?parent=1031"}],"wp:term":[{"taxonomy":"category","embeddable":true,"href":"https:\/\/bznd.org\/index.php\/wp-json\/wp\/v2\/categories?post=1031"},{"taxonomy":"post_tag","embeddable":true,"href":"https:\/\/bznd.org\/index.php\/wp-json\/wp\/v2\/tags?post=1031"}],"curies":[{"name":"wp","href":"https:\/\/api.w.org\/{rel}","templated":true}]}}