{"id":437,"date":"2016-11-18T14:54:05","date_gmt":"2016-11-18T14:54:05","guid":{"rendered":"https:\/\/bznd.org\/WordpressInstallationsVZ\/?p=437"},"modified":"2023-11-07T17:58:24","modified_gmt":"2023-11-07T17:58:24","slug":"tracking-patterns-of-pandemics-from-space","status":"publish","type":"post","link":"https:\/\/bznd.org\/index.php\/2016\/11\/18\/tracking-patterns-of-pandemics-from-space\/","title":{"rendered":"Unsere Projekte"},"content":{"rendered":"<div class=\"fusion-fullwidth fullwidth-box fusion-builder-row-1 fusion-flex-container has-pattern-background has-mask-background fusion-parallax-fixed nonhundred-percent-fullwidth non-hundred-percent-height-scrolling lazyload\" style=\"--awb-background-repeat:repeat-x;--awb-border-radius-top-left:0px;--awb-border-radius-top-right:0px;--awb-border-radius-bottom-right:0px;--awb-border-radius-bottom-left:0px;--awb-padding-top:150px;--awb-padding-bottom:90px;--awb-padding-top-medium:80px;--awb-background-color:var(--awb-color4);--awb-flex-wrap:wrap;background-attachment:fixed;\" data-bg=\"https:\/\/bznd.org\/choonuks\/2016\/11\/WhatsApp-Image-2023-09-27-at-21.40.00-1-e1696100770945.jpeg\" ><div class=\"fusion-builder-row fusion-row fusion-flex-align-items-flex-start fusion-flex-justify-content-center fusion-flex-content-wrap\" style=\"max-width:1216.8px;margin-left: calc(-4% \/ 2 );margin-right: calc(-4% \/ 2 );\"><div class=\"fusion-layout-column fusion_builder_column fusion-builder-column-0 fusion_builder_column_1_1 1_1 fusion-flex-column\" style=\"--awb-padding-top:50px;--awb-padding-right:50px;--awb-padding-bottom:50px;--awb-padding-left:50px;--awb-bg-color:var(--awb-color1);--awb-bg-color-hover:var(--awb-color1);--awb-bg-size:cover;--awb-border-color:var(--awb-color4);--awb-border-bottom:8px;--awb-border-style:solid;--awb-width-large:100%;--awb-margin-top-large:0px;--awb-spacing-right-large:1.92%;--awb-margin-bottom-large:0px;--awb-spacing-left-large:1.92%;--awb-width-medium:75%;--awb-spacing-right-medium:2.56%;--awb-spacing-left-medium:2.56%;--awb-width-small:100%;--awb-spacing-right-small:1.92%;--awb-spacing-left-small:1.92%;\"><div class=\"fusion-column-wrapper fusion-flex-justify-content-flex-start fusion-content-layout-column\"><div class=\"fusion-title title fusion-title-1 fusion-sep-none fusion-title-text fusion-title-size-two\" style=\"--awb-margin-top-small:0px;--awb-margin-right-small:0px;--awb-margin-bottom-small:20px;--awb-margin-left-small:0px;--awb-font-size:var(--awb-typography2-font-size);\"><h2 class=\"fusion-title-heading title-heading-left fusion-responsive-typography-calculated\" style=\"font-family:var(--awb-typography2-font-family);font-weight:var(--awb-typography2-font-weight);font-style:var(--awb-typography2-font-style);margin:0;letter-spacing:var(--awb-typography2-letter-spacing);text-transform:var(--awb-typography2-text-transform);font-size:1em;--fontSize:50;line-height:var(--awb-typography2-line-height);\">UNSERE PROJEKTE<\/h2><\/div><\/div><\/div><div class=\"fusion-layout-column fusion_builder_column fusion-builder-column-1 fusion_builder_column_1_1 1_1 fusion-flex-column\" style=\"--awb-padding-top:50px;--awb-padding-right:50px;--awb-padding-bottom:50px;--awb-padding-left:50px;--awb-bg-color:var(--awb-color1);--awb-bg-color-hover:var(--awb-color1);--awb-bg-size:cover;--awb-border-color:var(--awb-color4);--awb-border-bottom:8px;--awb-border-style:solid;--awb-width-large:100%;--awb-margin-top-large:0px;--awb-spacing-right-large:1.92%;--awb-margin-bottom-large:0px;--awb-spacing-left-large:1.92%;--awb-width-medium:75%;--awb-spacing-right-medium:2.56%;--awb-spacing-left-medium:2.56%;--awb-width-small:100%;--awb-spacing-right-small:1.92%;--awb-spacing-left-small:1.92%;\"><div class=\"fusion-column-wrapper fusion-flex-justify-content-flex-start fusion-content-layout-column\"><div class=\"fusion-text fusion-text-1\"><p>umfassen vier gr\u00f6\u00dfere Bereiche: Wohnen, Bildung, Beratung und Sichtbarkeit von Neurodiversit\u00e4t. Im Bereich Wohnen tragen wir die Wohnraumplattform LiLeVi, wir geben Schulungen und halten Vortr\u00e4ge.<\/p>\n<\/div><div ><a class=\"fusion-button button-flat fusion-button-default-size button-default fusion-button-default button-1 fusion-button-default-span fusion-button-default-type\" target=\"_self\" href=\"https:\/\/bznd.org\/index.php\/projekte\/\"><span class=\"fusion-button-text awb-button__text awb-button__text--default\">Zu den aktuellen Projekten<\/span><\/a><\/div><div class=\"fusion-separator fusion-full-width-sep\" style=\"align-self: center;margin-left: auto;margin-right: auto;margin-top:40px;width:100%;\"><\/div><div class=\"fusion-title title fusion-title-2 fusion-sep-none fusion-title-text fusion-title-size-two\" style=\"--awb-text-color:var(--awb-color6);--awb-margin-top-small:0px;--awb-margin-right-small:0px;--awb-margin-bottom-small:20px;--awb-margin-left-small:0px;--awb-font-size:25px;\"><h2 class=\"fusion-title-heading title-heading-left fusion-responsive-typography-calculated\" style=\"font-family:var(--awb-typography3-font-family);font-weight:var(--awb-typography3-font-weight);font-style:var(--awb-typography3-font-style);margin:0;letter-spacing:0px;font-size:1em;--fontSize:25;--minFontSize:25;line-height:1.3;\">Wohnraumplattform LiLeVi<\/h2><\/div><div class=\"fusion-text fusion-text-2\"><p>Mit dem Slogan &#8220;LileVi &#8211; Unique Together&#8221; begr\u00fc\u00dft die vom BZND e.V. getragene gemeinn\u00fctzige Wohnraumplattform LiLeVi Besucher*innen. LiLeVi steht f\u00fcr Living, Leben, Vivre. Das dr\u00fcckt Lebendigkeit und gelebte Vielfalt in drei verschiedenen Sprachen aus.<\/p>\n<p>Hochsensible Menschen sollen in Zukunft auf der Plattform passgenauen Wohnraum oder auch Mitbewohner finden k\u00f6nnen. Egal ob sie auf Chemikalien, Ger\u00e4usche oder elektromagnetische Felder besonders sensibel reagieren, auf der Plattform stehen spezielle Suchkriterien zur Verf\u00fcgung.<\/p>\n<p>Denn wir wissen, dass neurodivergente Menschen oft sehr empfindsame, hochsensitive Sinne haben, und deshalb auf besondere H\u00fcrden bei der Suche nach passgenauen Wohnraum, Mietern oder Mitbewohnern sto\u00dfen. Wir unterst\u00fctzen den Abbau dieser H\u00fcrden aktiv.<\/p>\n<\/div><div class=\"fusion-title title fusion-title-3 fusion-sep-none fusion-title-text fusion-title-size-two\" style=\"--awb-text-color:var(--awb-color6);--awb-margin-top-small:0px;--awb-margin-right-small:0px;--awb-margin-bottom-small:20px;--awb-margin-left-small:0px;--awb-font-size:25px;\"><h2 class=\"fusion-title-heading title-heading-left fusion-responsive-typography-calculated\" style=\"font-family:var(--awb-typography3-font-family);font-weight:var(--awb-typography3-font-weight);font-style:var(--awb-typography3-font-style);margin:0;letter-spacing:0px;font-size:1em;--fontSize:25;--minFontSize:25;line-height:1.3;\">Sichtbarkeit durch Kunst, Musik, Filme und Theater<\/h2><\/div><div class=\"fusion-text fusion-text-3\"><p>Der BZND e.V. f\u00f6rdert die Sichtbarkeit von Neurodiversit\u00e4t durch kreative Ausdrucksformen wie Kunst, Musik, Filme und Theater. Er unterst\u00fctzt Formate, welche Lebenserfahrungen,<span style=\"color: var(--awb-text-color); font-family: var(--awb-text-font-family); font-size: var(--awb-font-size); font-style: var(--awb-text-font-style); font-weight: var(--awb-text-font-weight); letter-spacing: var(--awb-letter-spacing); text-align: var(--awb-content-alignment); text-transform: var(--awb-text-transform); background-color: var(--awb-bg-color-hover);\"> einzigartige Perspektiven und Talente neurodivergenter Menschen in den Mittelpunkt stellen, um ein breiteres Bewusstsein zu schaffen. Dar\u00fcber hinaus f\u00f6rdert der Verein auch die Sichtbarkeit von Projekten, die praktische L\u00f6sungen wie beispielsweise ruhige, reizarme R\u00e4ume ohne synthetische Duftstoffe anbieten.<\/span><\/p>\n<\/div><div class=\"fusion-title title fusion-title-4 fusion-sep-none fusion-title-text fusion-title-size-two\" style=\"--awb-text-color:var(--awb-color6);--awb-margin-top-small:0px;--awb-margin-right-small:0px;--awb-margin-bottom-small:20px;--awb-margin-left-small:0px;--awb-font-size:25px;\"><h2 class=\"fusion-title-heading title-heading-left fusion-responsive-typography-calculated\" style=\"font-family:var(--awb-typography3-font-family);font-weight:var(--awb-typography3-font-weight);font-style:var(--awb-typography3-font-style);margin:0;letter-spacing:0px;font-size:1em;--fontSize:25;--minFontSize:25;line-height:1.3;\">Beratungsstellen f\u00fcr Betroffene und Angeh\u00f6rige<\/h2><\/div><div class=\"fusion-text fusion-text-4\"><p>Der Verein bereitet den Aufbau von Beratungsstellen vor, die speziell auf Menschen mit Neurodivergenzen und Hochsensiblit\u00e4ten (z.B. allergische Reaktionen auf Chemikalien oder elektromagnetische Felder) sowie deren Angeh\u00f6rige zugeschnitten sind. Diese Beratungsstellen werden fachkundige Unterst\u00fctzung z.B. von Sozialarbeitern und Psychologen bieten. Au\u00dferdem geben diese Stellen Betroffenen Informationen und Ressourcen an die Hand, damit sie ihre Herausforderungen besser bew\u00e4ltigen, ihre Lebensqualit\u00e4t verbessern und ein unterst\u00fctzendes soziales Netzwerk aufzubauen k\u00f6nnen.<\/p>\n<\/div><div class=\"fusion-title title fusion-title-5 fusion-sep-none fusion-title-text fusion-title-size-two\" style=\"--awb-text-color:var(--awb-color6);--awb-margin-top-small:0px;--awb-margin-right-small:0px;--awb-margin-bottom-small:20px;--awb-margin-left-small:0px;--awb-font-size:25px;\"><h2 class=\"fusion-title-heading title-heading-left fusion-responsive-typography-calculated\" style=\"font-family:var(--awb-typography3-font-family);font-weight:var(--awb-typography3-font-weight);font-style:var(--awb-typography3-font-style);margin:0;letter-spacing:0px;font-size:1em;--fontSize:25;--minFontSize:25;line-height:1.3;\">Wissenschaftlich fundierte Schulungen, Vortr\u00e4ge und Fortbildungen<\/h2><\/div><div class=\"fusion-text fusion-text-5\"><p>Der Verein BZND e.V. stellt als Teil seines ehrenamtlichen engagements eine breite Palette von wissenschaftlich fundierten Schulungen, Vortr\u00e4gen und Fortbildungen bereit, die sich mit verschiedenen Aspekten von Neurodiversit\u00e4t befassen. Diese Bildungsangebote decken Themen wie p\u00e4dagogische Ans\u00e4tze, Umgang in Familien, Gestaltung von Freund- und Partnerschaften, passgenaue Arbeits- und Wohnumgebungen ab. Die Angebote richten sich an Fachleute, F\u00fchrungskr\u00e4fte, Entscheidungstr\u00e4ger und alle, die f\u00fcr Organisationen und Gemeinschaften verantwortungsvoll eine gute Zukunft gestalten wollen, um ihnen ein tieferes Verst\u00e4ndnis f\u00fcr neurodiverse Menschen zu vermitteln und Wege zur erfolgreichen Inklusion aufzuzeigen.<\/p>\n<\/div><div ><a class=\"fusion-button button-flat fusion-button-default-size button-default fusion-button-default button-2 fusion-button-default-span fusion-button-default-type\" target=\"_self\" href=\"https:\/\/bznd.org\/index.php\/projekte\/\"><span class=\"fusion-button-text awb-button__text awb-button__text--default\">Zu den aktuellen Projekten<\/span><\/a><\/div><\/div><\/div><\/div><\/div>\n","protected":false},"excerpt":{"rendered":"","protected":false},"author":2,"featured_media":1562,"comment_status":"closed","ping_status":"closed","sticky":false,"template":"","format":"standard","meta":{"footnotes":""},"categories":[13,1],"tags":[],"class_list":["post-437","post","type-post","status-publish","format-standard","has-post-thumbnail","hentry","category-startseite","category-uncategorized"],"yoast_head":"\n<title>Unsere Projekte - BZND Zentrum f\u00fcr Neurodiversit\u00e4t e.V.<\/title>\n<meta name=\"robots\" content=\"index, follow, max-snippet:-1, max-image-preview:large, max-video-preview:-1\" \/>\n<link rel=\"canonical\" href=\"https:\/\/bznd.org\/index.php\/2016\/11\/18\/tracking-patterns-of-pandemics-from-space\/\" \/>\n<meta property=\"og:locale\" content=\"de_DE\" \/>\n<meta property=\"og:type\" content=\"article\" \/>\n<meta property=\"og:title\" content=\"Unsere Projekte - BZND Zentrum f\u00fcr Neurodiversit\u00e4t e.V.\" \/>\n<meta property=\"og:url\" content=\"https:\/\/bznd.org\/index.php\/2016\/11\/18\/tracking-patterns-of-pandemics-from-space\/\" \/>\n<meta property=\"og:site_name\" content=\"BZND Zentrum f\u00fcr Neurodiversit\u00e4t e.V.\" \/>\n<meta property=\"article:published_time\" content=\"2016-11-18T14:54:05+00:00\" \/>\n<meta property=\"article:modified_time\" content=\"2023-11-07T17:58:24+00:00\" \/>\n<meta property=\"og:image\" content=\"https:\/\/bznd.org\/choonuks\/2023\/09\/WhatsApp-Image-2023-09-27-at-21.40.00-1-e1696100644541.jpeg\" \/>\n\t<meta property=\"og:image:width\" content=\"1920\" \/>\n\t<meta property=\"og:image:height\" content=\"1440\" \/>\n\t<meta property=\"og:image:type\" content=\"image\/jpeg\" \/>\n<meta name=\"author\" content=\"Sarah Grgic\" \/>\n<meta name=\"twitter:card\" content=\"summary_large_image\" \/>\n<meta name=\"twitter:label1\" content=\"Verfasst von\" \/>\n\t<meta name=\"twitter:data1\" content=\"Sarah Grgic\" \/>\n\t<meta name=\"twitter:label2\" content=\"Gesch\u00e4tzte Lesezeit\" \/>\n\t<meta name=\"twitter:data2\" content=\"6\u00a0Minuten\" \/>\n<script type=\"application\/ld+json\" class=\"yoast-schema-graph\">{\"@context\":\"https:\\\/\\\/schema.org\",\"@graph\":[{\"@type\":\"Article\",\"@id\":\"https:\\\/\\\/bznd.org\\\/index.php\\\/2016\\\/11\\\/18\\\/tracking-patterns-of-pandemics-from-space\\\/#article\",\"isPartOf\":{\"@id\":\"https:\\\/\\\/bznd.org\\\/index.php\\\/2016\\\/11\\\/18\\\/tracking-patterns-of-pandemics-from-space\\\/\"},\"author\":{\"name\":\"Sarah Grgic\",\"@id\":\"https:\\\/\\\/bznd.org\\\/#\\\/schema\\\/person\\\/9465cdae426963382192cf79828aafbc\"},\"headline\":\"Unsere Projekte\",\"datePublished\":\"2016-11-18T14:54:05+00:00\",\"dateModified\":\"2023-11-07T17:58:24+00:00\",\"mainEntityOfPage\":{\"@id\":\"https:\\\/\\\/bznd.org\\\/index.php\\\/2016\\\/11\\\/18\\\/tracking-patterns-of-pandemics-from-space\\\/\"},\"wordCount\":2258,\"publisher\":{\"@id\":\"https:\\\/\\\/bznd.org\\\/#organization\"},\"image\":{\"@id\":\"https:\\\/\\\/bznd.org\\\/index.php\\\/2016\\\/11\\\/18\\\/tracking-patterns-of-pandemics-from-space\\\/#primaryimage\"},\"thumbnailUrl\":\"https:\\\/\\\/bznd.org\\\/wp-content\\\/uploads\\\/2023\\\/09\\\/WhatsApp-Image-2023-09-27-at-21.40.00-1-e1696100644541.jpeg\",\"articleSection\":[\"Startseite\",\"Uncategorized\"],\"inLanguage\":\"de\"},{\"@type\":\"WebPage\",\"@id\":\"https:\\\/\\\/bznd.org\\\/index.php\\\/2016\\\/11\\\/18\\\/tracking-patterns-of-pandemics-from-space\\\/\",\"url\":\"https:\\\/\\\/bznd.org\\\/index.php\\\/2016\\\/11\\\/18\\\/tracking-patterns-of-pandemics-from-space\\\/\",\"name\":\"Unsere Projekte - BZND Zentrum f\u00fcr Neurodiversit\u00e4t e.V.\",\"isPartOf\":{\"@id\":\"https:\\\/\\\/bznd.org\\\/#website\"},\"primaryImageOfPage\":{\"@id\":\"https:\\\/\\\/bznd.org\\\/index.php\\\/2016\\\/11\\\/18\\\/tracking-patterns-of-pandemics-from-space\\\/#primaryimage\"},\"image\":{\"@id\":\"https:\\\/\\\/bznd.org\\\/index.php\\\/2016\\\/11\\\/18\\\/tracking-patterns-of-pandemics-from-space\\\/#primaryimage\"},\"thumbnailUrl\":\"https:\\\/\\\/bznd.org\\\/wp-content\\\/uploads\\\/2023\\\/09\\\/WhatsApp-Image-2023-09-27-at-21.40.00-1-e1696100644541.jpeg\",\"datePublished\":\"2016-11-18T14:54:05+00:00\",\"dateModified\":\"2023-11-07T17:58:24+00:00\",\"breadcrumb\":{\"@id\":\"https:\\\/\\\/bznd.org\\\/index.php\\\/2016\\\/11\\\/18\\\/tracking-patterns-of-pandemics-from-space\\\/#breadcrumb\"},\"inLanguage\":\"de\",\"potentialAction\":[{\"@type\":\"ReadAction\",\"target\":[\"https:\\\/\\\/bznd.org\\\/index.php\\\/2016\\\/11\\\/18\\\/tracking-patterns-of-pandemics-from-space\\\/\"]}]},{\"@type\":\"ImageObject\",\"inLanguage\":\"de\",\"@id\":\"https:\\\/\\\/bznd.org\\\/index.php\\\/2016\\\/11\\\/18\\\/tracking-patterns-of-pandemics-from-space\\\/#primaryimage\",\"url\":\"https:\\\/\\\/bznd.org\\\/wp-content\\\/uploads\\\/2023\\\/09\\\/WhatsApp-Image-2023-09-27-at-21.40.00-1-e1696100644541.jpeg\",\"contentUrl\":\"https:\\\/\\\/bznd.org\\\/wp-content\\\/uploads\\\/2023\\\/09\\\/WhatsApp-Image-2023-09-27-at-21.40.00-1-e1696100644541.jpeg\",\"width\":1920,\"height\":1440},{\"@type\":\"BreadcrumbList\",\"@id\":\"https:\\\/\\\/bznd.org\\\/index.php\\\/2016\\\/11\\\/18\\\/tracking-patterns-of-pandemics-from-space\\\/#breadcrumb\",\"itemListElement\":[{\"@type\":\"ListItem\",\"position\":1,\"name\":\"Startseite\",\"item\":\"https:\\\/\\\/bznd.org\\\/\"},{\"@type\":\"ListItem\",\"position\":2,\"name\":\"Unsere Projekte\"}]},{\"@type\":\"WebSite\",\"@id\":\"https:\\\/\\\/bznd.org\\\/#website\",\"url\":\"https:\\\/\\\/bznd.org\\\/\",\"name\":\"BZND Zentrum f\u00fcr Neurodiversit\u00e4t e.V.\",\"description\":\"Wir setzen uns als gemeinn\u00fctziger Verein f\u00fcr Menschen mit Neurodiversit\u00e4t ein!\",\"publisher\":{\"@id\":\"https:\\\/\\\/bznd.org\\\/#organization\"},\"potentialAction\":[{\"@type\":\"SearchAction\",\"target\":{\"@type\":\"EntryPoint\",\"urlTemplate\":\"https:\\\/\\\/bznd.org\\\/?s={search_term_string}\"},\"query-input\":{\"@type\":\"PropertyValueSpecification\",\"valueRequired\":true,\"valueName\":\"search_term_string\"}}],\"inLanguage\":\"de\"},{\"@type\":\"Organization\",\"@id\":\"https:\\\/\\\/bznd.org\\\/#organization\",\"name\":\"BZND Zentrum f\u00fcr Neurodiversit\u00e4t e.V.\",\"url\":\"https:\\\/\\\/bznd.org\\\/\",\"logo\":{\"@type\":\"ImageObject\",\"inLanguage\":\"de\",\"@id\":\"https:\\\/\\\/bznd.org\\\/#\\\/schema\\\/logo\\\/image\\\/\",\"url\":\"https:\\\/\\\/bznd.org\\\/wp-content\\\/uploads\\\/2023\\\/04\\\/BZND_Favicon_270x270.png\",\"contentUrl\":\"https:\\\/\\\/bznd.org\\\/wp-content\\\/uploads\\\/2023\\\/04\\\/BZND_Favicon_270x270.png\",\"width\":270,\"height\":270,\"caption\":\"BZND Zentrum f\u00fcr Neurodiversit\u00e4t e.V.\"},\"image\":{\"@id\":\"https:\\\/\\\/bznd.org\\\/#\\\/schema\\\/logo\\\/image\\\/\"},\"sameAs\":[\"https:\\\/\\\/www.linkedin.com\\\/company\\\/bznd-zentrum-fuer-neurodiversitaet\\\/\"]},{\"@type\":\"Person\",\"@id\":\"https:\\\/\\\/bznd.org\\\/#\\\/schema\\\/person\\\/9465cdae426963382192cf79828aafbc\",\"name\":\"Sarah Grgic\",\"image\":{\"@type\":\"ImageObject\",\"inLanguage\":\"de\",\"@id\":\"https:\\\/\\\/secure.gravatar.com\\\/avatar\\\/c0919d0e1e8c53b9f42d53c4e490543482d8da26ad0e4c43532f3b592cf56d5b?s=96&d=mm&r=g\",\"url\":\"https:\\\/\\\/secure.gravatar.com\\\/avatar\\\/c0919d0e1e8c53b9f42d53c4e490543482d8da26ad0e4c43532f3b592cf56d5b?s=96&d=mm&r=g\",\"contentUrl\":\"https:\\\/\\\/secure.gravatar.com\\\/avatar\\\/c0919d0e1e8c53b9f42d53c4e490543482d8da26ad0e4c43532f3b592cf56d5b?s=96&d=mm&r=g\",\"caption\":\"Sarah Grgic\"},\"url\":\"https:\\\/\\\/bznd.org\\\/index.php\\\/author\\\/sarah-grgic\\\/\"}]}<\/script>\n","yoast_head_json":{"title":"Unsere Projekte - BZND Zentrum f\u00fcr Neurodiversit\u00e4t e.V.","robots":{"index":"index","follow":"follow","max-snippet":"max-snippet:-1","max-image-preview":"max-image-preview:large","max-video-preview":"max-video-preview:-1"},"canonical":"https:\/\/bznd.org\/index.php\/2016\/11\/18\/tracking-patterns-of-pandemics-from-space\/","og_locale":"de_DE","og_type":"article","og_title":"Unsere Projekte - BZND Zentrum f\u00fcr Neurodiversit\u00e4t e.V.","og_url":"https:\/\/bznd.org\/index.php\/2016\/11\/18\/tracking-patterns-of-pandemics-from-space\/","og_site_name":"BZND Zentrum f\u00fcr Neurodiversit\u00e4t e.V.","article_published_time":"2016-11-18T14:54:05+00:00","article_modified_time":"2023-11-07T17:58:24+00:00","og_image":[{"width":1920,"height":1440,"url":"https:\/\/bznd.org\/choonuks\/2023\/09\/WhatsApp-Image-2023-09-27-at-21.40.00-1-e1696100644541.jpeg","type":"image\/jpeg"}],"author":"Sarah Grgic","twitter_card":"summary_large_image","twitter_misc":{"Verfasst von":"Sarah Grgic","Gesch\u00e4tzte Lesezeit":"6\u00a0Minuten"},"schema":{"@context":"https:\/\/schema.org","@graph":[{"@type":"Article","@id":"https:\/\/bznd.org\/index.php\/2016\/11\/18\/tracking-patterns-of-pandemics-from-space\/#article","isPartOf":{"@id":"https:\/\/bznd.org\/index.php\/2016\/11\/18\/tracking-patterns-of-pandemics-from-space\/"},"author":{"name":"Sarah Grgic","@id":"https:\/\/bznd.org\/#\/schema\/person\/9465cdae426963382192cf79828aafbc"},"headline":"Unsere Projekte","datePublished":"2016-11-18T14:54:05+00:00","dateModified":"2023-11-07T17:58:24+00:00","mainEntityOfPage":{"@id":"https:\/\/bznd.org\/index.php\/2016\/11\/18\/tracking-patterns-of-pandemics-from-space\/"},"wordCount":2258,"publisher":{"@id":"https:\/\/bznd.org\/#organization"},"image":{"@id":"https:\/\/bznd.org\/index.php\/2016\/11\/18\/tracking-patterns-of-pandemics-from-space\/#primaryimage"},"thumbnailUrl":"https:\/\/bznd.org\/choonuks\/2023\/09\/WhatsApp-Image-2023-09-27-at-21.40.00-1-e1696100644541.jpeg","articleSection":["Startseite","Uncategorized"],"inLanguage":"de"},{"@type":"WebPage","@id":"https:\/\/bznd.org\/index.php\/2016\/11\/18\/tracking-patterns-of-pandemics-from-space\/","url":"https:\/\/bznd.org\/index.php\/2016\/11\/18\/tracking-patterns-of-pandemics-from-space\/","name":"Unsere Projekte - BZND Zentrum f\u00fcr Neurodiversit\u00e4t e.V.","isPartOf":{"@id":"https:\/\/bznd.org\/#website"},"primaryImageOfPage":{"@id":"https:\/\/bznd.org\/index.php\/2016\/11\/18\/tracking-patterns-of-pandemics-from-space\/#primaryimage"},"image":{"@id":"https:\/\/bznd.org\/index.php\/2016\/11\/18\/tracking-patterns-of-pandemics-from-space\/#primaryimage"},"thumbnailUrl":"https:\/\/bznd.org\/choonuks\/2023\/09\/WhatsApp-Image-2023-09-27-at-21.40.00-1-e1696100644541.jpeg","datePublished":"2016-11-18T14:54:05+00:00","dateModified":"2023-11-07T17:58:24+00:00","breadcrumb":{"@id":"https:\/\/bznd.org\/index.php\/2016\/11\/18\/tracking-patterns-of-pandemics-from-space\/#breadcrumb"},"inLanguage":"de","potentialAction":[{"@type":"ReadAction","target":["https:\/\/bznd.org\/index.php\/2016\/11\/18\/tracking-patterns-of-pandemics-from-space\/"]}]},{"@type":"ImageObject","inLanguage":"de","@id":"https:\/\/bznd.org\/index.php\/2016\/11\/18\/tracking-patterns-of-pandemics-from-space\/#primaryimage","url":"https:\/\/bznd.org\/choonuks\/2023\/09\/WhatsApp-Image-2023-09-27-at-21.40.00-1-e1696100644541.jpeg","contentUrl":"https:\/\/bznd.org\/choonuks\/2023\/09\/WhatsApp-Image-2023-09-27-at-21.40.00-1-e1696100644541.jpeg","width":1920,"height":1440},{"@type":"BreadcrumbList","@id":"https:\/\/bznd.org\/index.php\/2016\/11\/18\/tracking-patterns-of-pandemics-from-space\/#breadcrumb","itemListElement":[{"@type":"ListItem","position":1,"name":"Startseite","item":"https:\/\/bznd.org\/"},{"@type":"ListItem","position":2,"name":"Unsere Projekte"}]},{"@type":"WebSite","@id":"https:\/\/bznd.org\/#website","url":"https:\/\/bznd.org\/","name":"BZND Zentrum f\u00fcr Neurodiversit\u00e4t e.V.","description":"Wir setzen uns als gemeinn\u00fctziger Verein f\u00fcr Menschen mit Neurodiversit\u00e4t ein!","publisher":{"@id":"https:\/\/bznd.org\/#organization"},"potentialAction":[{"@type":"SearchAction","target":{"@type":"EntryPoint","urlTemplate":"https:\/\/bznd.org\/?s={search_term_string}"},"query-input":{"@type":"PropertyValueSpecification","valueRequired":true,"valueName":"search_term_string"}}],"inLanguage":"de"},{"@type":"Organization","@id":"https:\/\/bznd.org\/#organization","name":"BZND Zentrum f\u00fcr Neurodiversit\u00e4t e.V.","url":"https:\/\/bznd.org\/","logo":{"@type":"ImageObject","inLanguage":"de","@id":"https:\/\/bznd.org\/#\/schema\/logo\/image\/","url":"https:\/\/bznd.org\/choonuks\/2023\/04\/BZND_Favicon_270x270.png","contentUrl":"https:\/\/bznd.org\/choonuks\/2023\/04\/BZND_Favicon_270x270.png","width":270,"height":270,"caption":"BZND Zentrum f\u00fcr Neurodiversit\u00e4t e.V."},"image":{"@id":"https:\/\/bznd.org\/#\/schema\/logo\/image\/"},"sameAs":["https:\/\/www.linkedin.com\/company\/bznd-zentrum-fuer-neurodiversitaet\/"]},{"@type":"Person","@id":"https:\/\/bznd.org\/#\/schema\/person\/9465cdae426963382192cf79828aafbc","name":"Sarah Grgic","image":{"@type":"ImageObject","inLanguage":"de","@id":"https:\/\/secure.gravatar.com\/avatar\/c0919d0e1e8c53b9f42d53c4e490543482d8da26ad0e4c43532f3b592cf56d5b?s=96&d=mm&r=g","url":"https:\/\/secure.gravatar.com\/avatar\/c0919d0e1e8c53b9f42d53c4e490543482d8da26ad0e4c43532f3b592cf56d5b?s=96&d=mm&r=g","contentUrl":"https:\/\/secure.gravatar.com\/avatar\/c0919d0e1e8c53b9f42d53c4e490543482d8da26ad0e4c43532f3b592cf56d5b?s=96&d=mm&r=g","caption":"Sarah Grgic"},"url":"https:\/\/bznd.org\/index.php\/author\/sarah-grgic\/"}]}},"_links":{"self":[{"href":"https:\/\/bznd.org\/index.php\/wp-json\/wp\/v2\/posts\/437","targetHints":{"allow":["GET"]}}],"collection":[{"href":"https:\/\/bznd.org\/index.php\/wp-json\/wp\/v2\/posts"}],"about":[{"href":"https:\/\/bznd.org\/index.php\/wp-json\/wp\/v2\/types\/post"}],"author":[{"embeddable":true,"href":"https:\/\/bznd.org\/index.php\/wp-json\/wp\/v2\/users\/2"}],"replies":[{"embeddable":true,"href":"https:\/\/bznd.org\/index.php\/wp-json\/wp\/v2\/comments?post=437"}],"version-history":[{"count":35,"href":"https:\/\/bznd.org\/index.php\/wp-json\/wp\/v2\/posts\/437\/revisions"}],"predecessor-version":[{"id":1688,"href":"https:\/\/bznd.org\/index.php\/wp-json\/wp\/v2\/posts\/437\/revisions\/1688"}],"wp:featuredmedia":[{"embeddable":true,"href":"https:\/\/bznd.org\/index.php\/wp-json\/wp\/v2\/media\/1562"}],"wp:attachment":[{"href":"https:\/\/bznd.org\/index.php\/wp-json\/wp\/v2\/media?parent=437"}],"wp:term":[{"taxonomy":"category","embeddable":true,"href":"https:\/\/bznd.org\/index.php\/wp-json\/wp\/v2\/categories?post=437"},{"taxonomy":"post_tag","embeddable":true,"href":"https:\/\/bznd.org\/index.php\/wp-json\/wp\/v2\/tags?post=437"}],"curies":[{"name":"wp","href":"https:\/\/api.w.org\/{rel}","templated":true}]}}