{"id":816,"date":"2023-07-26T12:21:11","date_gmt":"2023-07-26T12:21:11","guid":{"rendered":"https:\/\/bznd.org\/WordpressInstallationsVZ\/?p=816"},"modified":"2023-11-07T18:00:46","modified_gmt":"2023-11-07T18:00:46","slug":"sichtbarkeit-gesundheit-lebendigkeit","status":"publish","type":"post","link":"https:\/\/bznd.org\/index.php\/2023\/07\/26\/sichtbarkeit-gesundheit-lebendigkeit\/","title":{"rendered":"Neurodiversit\u00e4t oder Neurodivergenz?"},"content":{"rendered":"<div class=\"fusion-fullwidth fullwidth-box fusion-builder-row-1 fusion-flex-container has-pattern-background has-mask-background fusion-parallax-fixed nonhundred-percent-fullwidth non-hundred-percent-height-scrolling lazyload\" style=\"--awb-background-repeat:repeat-x;--awb-border-radius-top-left:0px;--awb-border-radius-top-right:0px;--awb-border-radius-bottom-right:0px;--awb-border-radius-bottom-left:0px;--awb-padding-top:150px;--awb-padding-bottom:90px;--awb-padding-top-medium:80px;--awb-flex-wrap:wrap;background-attachment:fixed;\" data-bg=\"https:\/\/bznd.org\/choonuks\/2023\/03\/BZND_HG.png\" ><div class=\"fusion-builder-row fusion-row fusion-flex-align-items-flex-start fusion-flex-justify-content-center fusion-flex-content-wrap\" style=\"max-width:1216.8px;margin-left: calc(-4% \/ 2 );margin-right: calc(-4% \/ 2 );\"><div class=\"fusion-layout-column fusion_builder_column fusion-builder-column-0 fusion_builder_column_1_1 1_1 fusion-flex-column\" style=\"--awb-padding-top:50px;--awb-padding-right:50px;--awb-padding-bottom:50px;--awb-padding-left:50px;--awb-bg-color:var(--awb-color1);--awb-bg-color-hover:var(--awb-color1);--awb-bg-size:cover;--awb-border-color:var(--awb-color4);--awb-border-bottom:8px;--awb-border-style:solid;--awb-width-large:100%;--awb-margin-top-large:0px;--awb-spacing-right-large:1.92%;--awb-margin-bottom-large:0px;--awb-spacing-left-large:1.92%;--awb-width-medium:75%;--awb-spacing-right-medium:2.56%;--awb-spacing-left-medium:2.56%;--awb-width-small:100%;--awb-spacing-right-small:1.92%;--awb-spacing-left-small:1.92%;\"><div class=\"fusion-column-wrapper fusion-flex-justify-content-flex-start fusion-content-layout-column\"><div class=\"fusion-title title fusion-title-1 fusion-sep-none fusion-title-text fusion-title-size-two\" style=\"--awb-text-color:var(--awb-color5);--awb-margin-top-small:0px;--awb-margin-right-small:0px;--awb-margin-bottom-small:20px;--awb-margin-left-small:0px;--awb-font-size:var(--awb-typography2-font-size);\"><h2 class=\"fusion-title-heading title-heading-left fusion-responsive-typography-calculated\" style=\"font-family:var(--awb-typography2-font-family);font-weight:var(--awb-typography2-font-weight);font-style:var(--awb-typography2-font-style);margin:0;letter-spacing:var(--awb-typography2-letter-spacing);text-transform:var(--awb-typography2-text-transform);font-size:1em;--fontSize:50;line-height:var(--awb-typography2-line-height);\">NEURODIVERSIT\u00c4T<\/h2><\/div><\/div><\/div><div class=\"fusion-layout-column fusion_builder_column fusion-builder-column-1 fusion_builder_column_1_1 1_1 fusion-flex-column\" style=\"--awb-padding-top:50px;--awb-padding-right:50px;--awb-padding-bottom:50px;--awb-padding-left:50px;--awb-bg-color:var(--awb-color1);--awb-bg-color-hover:var(--awb-color1);--awb-bg-size:cover;--awb-border-color:var(--awb-color4);--awb-border-bottom:8px;--awb-border-style:solid;--awb-width-large:100%;--awb-margin-top-large:0px;--awb-spacing-right-large:1.92%;--awb-margin-bottom-large:0px;--awb-spacing-left-large:1.92%;--awb-width-medium:75%;--awb-spacing-right-medium:2.56%;--awb-spacing-left-medium:2.56%;--awb-width-small:100%;--awb-spacing-right-small:1.92%;--awb-spacing-left-small:1.92%;\"><div class=\"fusion-column-wrapper fusion-flex-justify-content-flex-start fusion-content-layout-column\"><div class=\"fusion-text fusion-text-1\"><p>Neurodiversit\u00e4t beschreibt die Vielfalt der menschlichen neurologischen Funktionen und Eigenschaften. Denn Gehirne und Nervensysteme existieren nat\u00fcrlicherweise in vielf\u00e4ltigen Formen und Funktionsweisen. Diese Vielfalt ist eine wertvolle Ressource, denn sie bringt eine breiter Palette von F\u00e4higkeiten und Perspektiven mit in die Gesellschaft ein.<\/p>\n<p>Menschen besitzen aufgrund ihrer individuellen neurologischen Unterschiede vielf\u00e4ltige Denk- und Wahrnehmungsweisen. <span style=\"color: var(--awb-text-color); font-family: var(--awb-text-font-family); font-size: var(--awb-font-size); font-style: var(--awb-text-font-style); font-weight: var(--awb-text-font-weight); letter-spacing: var(--awb-letter-spacing); text-align: var(--awb-content-alignment); text-transform: var(--awb-text-transform); background-color: var(--awb-bg-color-hover);\">Der Begriff Neurodiversit\u00e4t dr\u00fcckt dem gegen\u00fcber Anerkennung und Wertsch\u00e4tzung aus. <\/span><\/p>\n<\/div><div class=\"fusion-separator fusion-full-width-sep\" style=\"align-self: center;margin-left: auto;margin-right: auto;margin-top:40px;width:100%;\"><\/div><div class=\"fusion-title title fusion-title-2 fusion-sep-none fusion-title-text fusion-title-size-two\" style=\"--awb-text-color:var(--awb-color6);--awb-margin-top-small:0px;--awb-margin-right-small:0px;--awb-margin-bottom-small:20px;--awb-margin-left-small:0px;--awb-font-size:25px;\"><h2 class=\"fusion-title-heading title-heading-left fusion-responsive-typography-calculated\" style=\"font-family:var(--awb-typography3-font-family);font-weight:var(--awb-typography3-font-weight);font-style:var(--awb-typography3-font-style);margin:0;letter-spacing:0px;font-size:1em;--fontSize:25;--minFontSize:25;line-height:1.3;\">Was ist Neurodiversit\u00e4t und was ist Neurodivergenz?<\/h2><\/div><div class=\"fusion-text fusion-text-2\"><p>Neurodivergenz bezieht sich auf das Vorhandensein von neurologischen Unterschieden im Vergleich zur als &#8220;normal&#8221; oder &#8220;typisch&#8221; angesehenen neurologischen Funktion. Die Gehirne neurodivergenter Menschen k\u00f6nnen merklich von der geselleschaftlichen Norm abweichen, und sind damit atypisch. Neuroatypische (neurodivergente) Menschen, nehmen die Welt und die Sinnesreize auf eine andere Weise wahr, als neurotypische Personen.<\/p>\n<p>Oftmals ist ihre Wahrnehmung \u00fcber die Sinnesorgane sehr viel intensiver und reichhaltiger als bei neurotypischen Personen. Das \u00e4u\u00dfert sich zum Beispiel durch Unvertr\u00e4glichkeiten von Ger\u00fcchen und Lebensmitteln, unangenehme Reaktionen auf elektromagnetische Felder sowie durch eine gesteigerte Ger\u00e4uschempfindlichkeit. In Summe sind sie Menschen mit verminderter oder erh\u00f6hter Reizschwelle.<\/p>\n<p><span style=\"color: var(--awb-text-color); font-family: var(--awb-text-font-family); font-size: var(--awb-font-size); font-style: var(--awb-text-font-style); font-weight: var(--awb-text-font-weight); letter-spacing: var(--awb-letter-spacing); text-align: var(--awb-content-alignment); text-transform: var(--awb-text-transform); background-color: var(--awb-bg-color-hover);\">Neben diesen Aspekten bestehen zahlreiche weitere Besonderheiten. Zu den Neuroatypien werden unter anderem Personen mit <\/span><span style=\"color: var(--awb-text-color); font-family: var(--awb-text-font-family); font-size: var(--awb-font-size); font-style: var(--awb-text-font-style); font-weight: var(--awb-text-font-weight); letter-spacing: var(--awb-letter-spacing); text-align: var(--awb-content-alignment); text-transform: var(--awb-text-transform); background-color: var(--awb-bg-color-hover);\">Hochsensibilit\u00e4t, <\/span><span style=\"background-color: var(--awb-bg-color-hover); color: var(--awb-text-color); font-family: var(--awb-text-font-family); font-size: var(--awb-font-size); font-style: var(--awb-text-font-style); font-weight: var(--awb-text-font-weight); letter-spacing: var(--awb-letter-spacing); text-align: var(--awb-content-alignment); text-transform: var(--awb-text-transform);\">ADHS, Autismus, Dyskalkulie, Legasthenie und Dyslexie, Dyspraxie, Tourette-Syndrom, Syn\u00e4sthesie oder auch Hochbegabung gez\u00e4hlt. Sie umfassen ein weites Feld, und manche Menschen weisen nicht nur eine Form der Neurodivergenz auf, sondern mehrere verschiedene. Das bedeutet zahlreiche Herausforderungen im Leben, die f\u00fcr neurotypische Menschen keine Herausforderungen darstellen.<\/span><\/p>\n<p><span style=\"color: var(--awb-text-color); font-family: var(--awb-text-font-family); font-size: var(--awb-font-size); font-style: var(--awb-text-font-style); font-weight: var(--awb-text-font-weight); letter-spacing: var(--awb-letter-spacing); text-align: var(--awb-content-alignment); text-transform: var(--awb-text-transform); background-color: var(--awb-bg-color);\">Unser Anliegen ist es, dass neurodivergente Personen in der Gesellschaft, mit sich und der Umwelt <\/span><span style=\"color: var(--awb-text-color); font-family: var(--awb-text-font-family); font-size: var(--awb-font-size); font-style: var(--awb-text-font-style); font-weight: var(--awb-text-font-weight); letter-spacing: var(--awb-letter-spacing); text-align: var(--awb-content-alignment); text-transform: var(--awb-text-transform); background-color: var(--awb-bg-color-hover);\">ein Wohlf\u00fchlen <\/span><span style=\"background-color: var(--awb-bg-color); color: var(--awb-text-color); font-family: var(--awb-text-font-family); font-size: var(--awb-font-size); font-style: var(--awb-text-font-style); font-weight: var(--awb-text-font-weight); letter-spacing: var(--awb-letter-spacing); text-align: var(--awb-content-alignment); text-transform: var(--awb-text-transform);\">erleben k\u00f6nnen. Hierf\u00fcr wollen wir <\/span><span style=\"color: var(--awb-text-color); font-family: var(--awb-text-font-family); font-size: var(--awb-font-size); font-style: var(--awb-text-font-style); font-weight: var(--awb-text-font-weight); letter-spacing: var(--awb-letter-spacing); text-align: var(--awb-content-alignment); text-transform: var(--awb-text-transform); background-color: var(--awb-bg-color);\">Wege aufzeigen, um die Gesellschaft f\u00fcr diese Thematik der Neurodivergenz sensibilisieren. Auch mit Wirtschafts- und Politikvertretern wollen wir ins Gespr\u00e4ch kommen, damit das m\u00f6glich wird \u2013 in m\u00f6glichst jedem Lebensumfeld. Denn durch <\/span><span style=\"color: var(--awb-text-color); font-family: var(--awb-text-font-family); font-size: var(--awb-font-size); font-style: var(--awb-text-font-style); font-weight: var(--awb-text-font-weight); letter-spacing: var(--awb-letter-spacing); text-align: var(--awb-content-alignment); text-transform: var(--awb-text-transform); background-color: var(--awb-bg-color-hover);\">wachsendes Bewusstsein und besserer Akzeptanz von neurodivergenten Menschen entstehen inklusivere und unterst\u00fctzendere Umgebungen f\u00fcr alle.<\/span><\/p>\n<\/div><\/div><\/div><\/div><\/div>\n","protected":false},"excerpt":{"rendered":"","protected":false},"author":2,"featured_media":812,"comment_status":"open","ping_status":"open","sticky":false,"template":"","format":"standard","meta":{"footnotes":""},"categories":[13,1],"tags":[],"class_list":["post-816","post","type-post","status-publish","format-standard","has-post-thumbnail","hentry","category-startseite","category-uncategorized"],"yoast_head":"\n<title>Neurodiversit\u00e4t oder Neurodivergenz? - BZND Zentrum f\u00fcr Neurodiversit\u00e4t e.V.<\/title>\n<meta name=\"robots\" content=\"index, follow, max-snippet:-1, max-image-preview:large, max-video-preview:-1\" \/>\n<link rel=\"canonical\" href=\"https:\/\/bznd.org\/index.php\/2023\/07\/26\/sichtbarkeit-gesundheit-lebendigkeit\/\" \/>\n<meta property=\"og:locale\" content=\"de_DE\" \/>\n<meta property=\"og:type\" content=\"article\" \/>\n<meta property=\"og:title\" content=\"Neurodiversit\u00e4t oder Neurodivergenz? - BZND Zentrum f\u00fcr Neurodiversit\u00e4t e.V.\" \/>\n<meta property=\"og:url\" content=\"https:\/\/bznd.org\/index.php\/2023\/07\/26\/sichtbarkeit-gesundheit-lebendigkeit\/\" \/>\n<meta property=\"og:site_name\" content=\"BZND Zentrum f\u00fcr Neurodiversit\u00e4t e.V.\" \/>\n<meta property=\"article:published_time\" content=\"2023-07-26T12:21:11+00:00\" \/>\n<meta property=\"article:modified_time\" content=\"2023-11-07T18:00:46+00:00\" \/>\n<meta property=\"og:image\" content=\"https:\/\/bznd.org\/choonuks\/2016\/11\/BZND_Beitrag_1.png\" \/>\n\t<meta property=\"og:image:width\" content=\"800\" \/>\n\t<meta property=\"og:image:height\" content=\"600\" \/>\n\t<meta property=\"og:image:type\" content=\"image\/png\" \/>\n<meta name=\"author\" content=\"Sarah Grgic\" \/>\n<meta name=\"twitter:card\" content=\"summary_large_image\" \/>\n<meta name=\"twitter:label1\" content=\"Verfasst von\" \/>\n\t<meta name=\"twitter:data1\" content=\"Sarah Grgic\" \/>\n\t<meta name=\"twitter:label2\" content=\"Gesch\u00e4tzte Lesezeit\" \/>\n\t<meta name=\"twitter:data2\" content=\"4\u00a0Minuten\" \/>\n<script type=\"application\/ld+json\" class=\"yoast-schema-graph\">{\"@context\":\"https:\\\/\\\/schema.org\",\"@graph\":[{\"@type\":\"Article\",\"@id\":\"https:\\\/\\\/bznd.org\\\/index.php\\\/2023\\\/07\\\/26\\\/sichtbarkeit-gesundheit-lebendigkeit\\\/#article\",\"isPartOf\":{\"@id\":\"https:\\\/\\\/bznd.org\\\/index.php\\\/2023\\\/07\\\/26\\\/sichtbarkeit-gesundheit-lebendigkeit\\\/\"},\"author\":{\"name\":\"Sarah Grgic\",\"@id\":\"https:\\\/\\\/bznd.org\\\/#\\\/schema\\\/person\\\/9465cdae426963382192cf79828aafbc\"},\"headline\":\"Neurodiversit\u00e4t oder Neurodivergenz?\",\"datePublished\":\"2023-07-26T12:21:11+00:00\",\"dateModified\":\"2023-11-07T18:00:46+00:00\",\"mainEntityOfPage\":{\"@id\":\"https:\\\/\\\/bznd.org\\\/index.php\\\/2023\\\/07\\\/26\\\/sichtbarkeit-gesundheit-lebendigkeit\\\/\"},\"wordCount\":1190,\"commentCount\":0,\"publisher\":{\"@id\":\"https:\\\/\\\/bznd.org\\\/#organization\"},\"image\":{\"@id\":\"https:\\\/\\\/bznd.org\\\/index.php\\\/2023\\\/07\\\/26\\\/sichtbarkeit-gesundheit-lebendigkeit\\\/#primaryimage\"},\"thumbnailUrl\":\"https:\\\/\\\/bznd.org\\\/wp-content\\\/uploads\\\/2016\\\/11\\\/BZND_Beitrag_1.png\",\"articleSection\":[\"Startseite\",\"Uncategorized\"],\"inLanguage\":\"de\",\"potentialAction\":[{\"@type\":\"CommentAction\",\"name\":\"Comment\",\"target\":[\"https:\\\/\\\/bznd.org\\\/index.php\\\/2023\\\/07\\\/26\\\/sichtbarkeit-gesundheit-lebendigkeit\\\/#respond\"]}]},{\"@type\":\"WebPage\",\"@id\":\"https:\\\/\\\/bznd.org\\\/index.php\\\/2023\\\/07\\\/26\\\/sichtbarkeit-gesundheit-lebendigkeit\\\/\",\"url\":\"https:\\\/\\\/bznd.org\\\/index.php\\\/2023\\\/07\\\/26\\\/sichtbarkeit-gesundheit-lebendigkeit\\\/\",\"name\":\"Neurodiversit\u00e4t oder Neurodivergenz? - BZND Zentrum f\u00fcr Neurodiversit\u00e4t e.V.\",\"isPartOf\":{\"@id\":\"https:\\\/\\\/bznd.org\\\/#website\"},\"primaryImageOfPage\":{\"@id\":\"https:\\\/\\\/bznd.org\\\/index.php\\\/2023\\\/07\\\/26\\\/sichtbarkeit-gesundheit-lebendigkeit\\\/#primaryimage\"},\"image\":{\"@id\":\"https:\\\/\\\/bznd.org\\\/index.php\\\/2023\\\/07\\\/26\\\/sichtbarkeit-gesundheit-lebendigkeit\\\/#primaryimage\"},\"thumbnailUrl\":\"https:\\\/\\\/bznd.org\\\/wp-content\\\/uploads\\\/2016\\\/11\\\/BZND_Beitrag_1.png\",\"datePublished\":\"2023-07-26T12:21:11+00:00\",\"dateModified\":\"2023-11-07T18:00:46+00:00\",\"breadcrumb\":{\"@id\":\"https:\\\/\\\/bznd.org\\\/index.php\\\/2023\\\/07\\\/26\\\/sichtbarkeit-gesundheit-lebendigkeit\\\/#breadcrumb\"},\"inLanguage\":\"de\",\"potentialAction\":[{\"@type\":\"ReadAction\",\"target\":[\"https:\\\/\\\/bznd.org\\\/index.php\\\/2023\\\/07\\\/26\\\/sichtbarkeit-gesundheit-lebendigkeit\\\/\"]}]},{\"@type\":\"ImageObject\",\"inLanguage\":\"de\",\"@id\":\"https:\\\/\\\/bznd.org\\\/index.php\\\/2023\\\/07\\\/26\\\/sichtbarkeit-gesundheit-lebendigkeit\\\/#primaryimage\",\"url\":\"https:\\\/\\\/bznd.org\\\/wp-content\\\/uploads\\\/2016\\\/11\\\/BZND_Beitrag_1.png\",\"contentUrl\":\"https:\\\/\\\/bznd.org\\\/wp-content\\\/uploads\\\/2016\\\/11\\\/BZND_Beitrag_1.png\",\"width\":800,\"height\":600},{\"@type\":\"BreadcrumbList\",\"@id\":\"https:\\\/\\\/bznd.org\\\/index.php\\\/2023\\\/07\\\/26\\\/sichtbarkeit-gesundheit-lebendigkeit\\\/#breadcrumb\",\"itemListElement\":[{\"@type\":\"ListItem\",\"position\":1,\"name\":\"Startseite\",\"item\":\"https:\\\/\\\/bznd.org\\\/\"},{\"@type\":\"ListItem\",\"position\":2,\"name\":\"Neurodiversit\u00e4t oder Neurodivergenz?\"}]},{\"@type\":\"WebSite\",\"@id\":\"https:\\\/\\\/bznd.org\\\/#website\",\"url\":\"https:\\\/\\\/bznd.org\\\/\",\"name\":\"BZND Zentrum f\u00fcr Neurodiversit\u00e4t e.V.\",\"description\":\"Wir setzen uns als gemeinn\u00fctziger Verein f\u00fcr Menschen mit Neurodiversit\u00e4t ein!\",\"publisher\":{\"@id\":\"https:\\\/\\\/bznd.org\\\/#organization\"},\"potentialAction\":[{\"@type\":\"SearchAction\",\"target\":{\"@type\":\"EntryPoint\",\"urlTemplate\":\"https:\\\/\\\/bznd.org\\\/?s={search_term_string}\"},\"query-input\":{\"@type\":\"PropertyValueSpecification\",\"valueRequired\":true,\"valueName\":\"search_term_string\"}}],\"inLanguage\":\"de\"},{\"@type\":\"Organization\",\"@id\":\"https:\\\/\\\/bznd.org\\\/#organization\",\"name\":\"BZND Zentrum f\u00fcr Neurodiversit\u00e4t e.V.\",\"url\":\"https:\\\/\\\/bznd.org\\\/\",\"logo\":{\"@type\":\"ImageObject\",\"inLanguage\":\"de\",\"@id\":\"https:\\\/\\\/bznd.org\\\/#\\\/schema\\\/logo\\\/image\\\/\",\"url\":\"https:\\\/\\\/bznd.org\\\/wp-content\\\/uploads\\\/2023\\\/04\\\/BZND_Favicon_270x270.png\",\"contentUrl\":\"https:\\\/\\\/bznd.org\\\/wp-content\\\/uploads\\\/2023\\\/04\\\/BZND_Favicon_270x270.png\",\"width\":270,\"height\":270,\"caption\":\"BZND Zentrum f\u00fcr Neurodiversit\u00e4t e.V.\"},\"image\":{\"@id\":\"https:\\\/\\\/bznd.org\\\/#\\\/schema\\\/logo\\\/image\\\/\"},\"sameAs\":[\"https:\\\/\\\/www.linkedin.com\\\/company\\\/bznd-zentrum-fuer-neurodiversitaet\\\/\"]},{\"@type\":\"Person\",\"@id\":\"https:\\\/\\\/bznd.org\\\/#\\\/schema\\\/person\\\/9465cdae426963382192cf79828aafbc\",\"name\":\"Sarah Grgic\",\"image\":{\"@type\":\"ImageObject\",\"inLanguage\":\"de\",\"@id\":\"https:\\\/\\\/secure.gravatar.com\\\/avatar\\\/c0919d0e1e8c53b9f42d53c4e490543482d8da26ad0e4c43532f3b592cf56d5b?s=96&d=mm&r=g\",\"url\":\"https:\\\/\\\/secure.gravatar.com\\\/avatar\\\/c0919d0e1e8c53b9f42d53c4e490543482d8da26ad0e4c43532f3b592cf56d5b?s=96&d=mm&r=g\",\"contentUrl\":\"https:\\\/\\\/secure.gravatar.com\\\/avatar\\\/c0919d0e1e8c53b9f42d53c4e490543482d8da26ad0e4c43532f3b592cf56d5b?s=96&d=mm&r=g\",\"caption\":\"Sarah Grgic\"},\"url\":\"https:\\\/\\\/bznd.org\\\/index.php\\\/author\\\/sarah-grgic\\\/\"}]}<\/script>\n","yoast_head_json":{"title":"Neurodiversit\u00e4t oder Neurodivergenz? - BZND Zentrum f\u00fcr Neurodiversit\u00e4t e.V.","robots":{"index":"index","follow":"follow","max-snippet":"max-snippet:-1","max-image-preview":"max-image-preview:large","max-video-preview":"max-video-preview:-1"},"canonical":"https:\/\/bznd.org\/index.php\/2023\/07\/26\/sichtbarkeit-gesundheit-lebendigkeit\/","og_locale":"de_DE","og_type":"article","og_title":"Neurodiversit\u00e4t oder Neurodivergenz? - BZND Zentrum f\u00fcr Neurodiversit\u00e4t e.V.","og_url":"https:\/\/bznd.org\/index.php\/2023\/07\/26\/sichtbarkeit-gesundheit-lebendigkeit\/","og_site_name":"BZND Zentrum f\u00fcr Neurodiversit\u00e4t e.V.","article_published_time":"2023-07-26T12:21:11+00:00","article_modified_time":"2023-11-07T18:00:46+00:00","og_image":[{"width":800,"height":600,"url":"https:\/\/bznd.org\/choonuks\/2016\/11\/BZND_Beitrag_1.png","type":"image\/png"}],"author":"Sarah Grgic","twitter_card":"summary_large_image","twitter_misc":{"Verfasst von":"Sarah Grgic","Gesch\u00e4tzte Lesezeit":"4\u00a0Minuten"},"schema":{"@context":"https:\/\/schema.org","@graph":[{"@type":"Article","@id":"https:\/\/bznd.org\/index.php\/2023\/07\/26\/sichtbarkeit-gesundheit-lebendigkeit\/#article","isPartOf":{"@id":"https:\/\/bznd.org\/index.php\/2023\/07\/26\/sichtbarkeit-gesundheit-lebendigkeit\/"},"author":{"name":"Sarah Grgic","@id":"https:\/\/bznd.org\/#\/schema\/person\/9465cdae426963382192cf79828aafbc"},"headline":"Neurodiversit\u00e4t oder Neurodivergenz?","datePublished":"2023-07-26T12:21:11+00:00","dateModified":"2023-11-07T18:00:46+00:00","mainEntityOfPage":{"@id":"https:\/\/bznd.org\/index.php\/2023\/07\/26\/sichtbarkeit-gesundheit-lebendigkeit\/"},"wordCount":1190,"commentCount":0,"publisher":{"@id":"https:\/\/bznd.org\/#organization"},"image":{"@id":"https:\/\/bznd.org\/index.php\/2023\/07\/26\/sichtbarkeit-gesundheit-lebendigkeit\/#primaryimage"},"thumbnailUrl":"https:\/\/bznd.org\/choonuks\/2016\/11\/BZND_Beitrag_1.png","articleSection":["Startseite","Uncategorized"],"inLanguage":"de","potentialAction":[{"@type":"CommentAction","name":"Comment","target":["https:\/\/bznd.org\/index.php\/2023\/07\/26\/sichtbarkeit-gesundheit-lebendigkeit\/#respond"]}]},{"@type":"WebPage","@id":"https:\/\/bznd.org\/index.php\/2023\/07\/26\/sichtbarkeit-gesundheit-lebendigkeit\/","url":"https:\/\/bznd.org\/index.php\/2023\/07\/26\/sichtbarkeit-gesundheit-lebendigkeit\/","name":"Neurodiversit\u00e4t oder Neurodivergenz? - BZND Zentrum f\u00fcr Neurodiversit\u00e4t e.V.","isPartOf":{"@id":"https:\/\/bznd.org\/#website"},"primaryImageOfPage":{"@id":"https:\/\/bznd.org\/index.php\/2023\/07\/26\/sichtbarkeit-gesundheit-lebendigkeit\/#primaryimage"},"image":{"@id":"https:\/\/bznd.org\/index.php\/2023\/07\/26\/sichtbarkeit-gesundheit-lebendigkeit\/#primaryimage"},"thumbnailUrl":"https:\/\/bznd.org\/choonuks\/2016\/11\/BZND_Beitrag_1.png","datePublished":"2023-07-26T12:21:11+00:00","dateModified":"2023-11-07T18:00:46+00:00","breadcrumb":{"@id":"https:\/\/bznd.org\/index.php\/2023\/07\/26\/sichtbarkeit-gesundheit-lebendigkeit\/#breadcrumb"},"inLanguage":"de","potentialAction":[{"@type":"ReadAction","target":["https:\/\/bznd.org\/index.php\/2023\/07\/26\/sichtbarkeit-gesundheit-lebendigkeit\/"]}]},{"@type":"ImageObject","inLanguage":"de","@id":"https:\/\/bznd.org\/index.php\/2023\/07\/26\/sichtbarkeit-gesundheit-lebendigkeit\/#primaryimage","url":"https:\/\/bznd.org\/choonuks\/2016\/11\/BZND_Beitrag_1.png","contentUrl":"https:\/\/bznd.org\/choonuks\/2016\/11\/BZND_Beitrag_1.png","width":800,"height":600},{"@type":"BreadcrumbList","@id":"https:\/\/bznd.org\/index.php\/2023\/07\/26\/sichtbarkeit-gesundheit-lebendigkeit\/#breadcrumb","itemListElement":[{"@type":"ListItem","position":1,"name":"Startseite","item":"https:\/\/bznd.org\/"},{"@type":"ListItem","position":2,"name":"Neurodiversit\u00e4t oder Neurodivergenz?"}]},{"@type":"WebSite","@id":"https:\/\/bznd.org\/#website","url":"https:\/\/bznd.org\/","name":"BZND Zentrum f\u00fcr Neurodiversit\u00e4t e.V.","description":"Wir setzen uns als gemeinn\u00fctziger Verein f\u00fcr Menschen mit Neurodiversit\u00e4t ein!","publisher":{"@id":"https:\/\/bznd.org\/#organization"},"potentialAction":[{"@type":"SearchAction","target":{"@type":"EntryPoint","urlTemplate":"https:\/\/bznd.org\/?s={search_term_string}"},"query-input":{"@type":"PropertyValueSpecification","valueRequired":true,"valueName":"search_term_string"}}],"inLanguage":"de"},{"@type":"Organization","@id":"https:\/\/bznd.org\/#organization","name":"BZND Zentrum f\u00fcr Neurodiversit\u00e4t e.V.","url":"https:\/\/bznd.org\/","logo":{"@type":"ImageObject","inLanguage":"de","@id":"https:\/\/bznd.org\/#\/schema\/logo\/image\/","url":"https:\/\/bznd.org\/choonuks\/2023\/04\/BZND_Favicon_270x270.png","contentUrl":"https:\/\/bznd.org\/choonuks\/2023\/04\/BZND_Favicon_270x270.png","width":270,"height":270,"caption":"BZND Zentrum f\u00fcr Neurodiversit\u00e4t e.V."},"image":{"@id":"https:\/\/bznd.org\/#\/schema\/logo\/image\/"},"sameAs":["https:\/\/www.linkedin.com\/company\/bznd-zentrum-fuer-neurodiversitaet\/"]},{"@type":"Person","@id":"https:\/\/bznd.org\/#\/schema\/person\/9465cdae426963382192cf79828aafbc","name":"Sarah Grgic","image":{"@type":"ImageObject","inLanguage":"de","@id":"https:\/\/secure.gravatar.com\/avatar\/c0919d0e1e8c53b9f42d53c4e490543482d8da26ad0e4c43532f3b592cf56d5b?s=96&d=mm&r=g","url":"https:\/\/secure.gravatar.com\/avatar\/c0919d0e1e8c53b9f42d53c4e490543482d8da26ad0e4c43532f3b592cf56d5b?s=96&d=mm&r=g","contentUrl":"https:\/\/secure.gravatar.com\/avatar\/c0919d0e1e8c53b9f42d53c4e490543482d8da26ad0e4c43532f3b592cf56d5b?s=96&d=mm&r=g","caption":"Sarah Grgic"},"url":"https:\/\/bznd.org\/index.php\/author\/sarah-grgic\/"}]}},"_links":{"self":[{"href":"https:\/\/bznd.org\/index.php\/wp-json\/wp\/v2\/posts\/816","targetHints":{"allow":["GET"]}}],"collection":[{"href":"https:\/\/bznd.org\/index.php\/wp-json\/wp\/v2\/posts"}],"about":[{"href":"https:\/\/bznd.org\/index.php\/wp-json\/wp\/v2\/types\/post"}],"author":[{"embeddable":true,"href":"https:\/\/bznd.org\/index.php\/wp-json\/wp\/v2\/users\/2"}],"replies":[{"embeddable":true,"href":"https:\/\/bznd.org\/index.php\/wp-json\/wp\/v2\/comments?post=816"}],"version-history":[{"count":17,"href":"https:\/\/bznd.org\/index.php\/wp-json\/wp\/v2\/posts\/816\/revisions"}],"predecessor-version":[{"id":1692,"href":"https:\/\/bznd.org\/index.php\/wp-json\/wp\/v2\/posts\/816\/revisions\/1692"}],"wp:featuredmedia":[{"embeddable":true,"href":"https:\/\/bznd.org\/index.php\/wp-json\/wp\/v2\/media\/812"}],"wp:attachment":[{"href":"https:\/\/bznd.org\/index.php\/wp-json\/wp\/v2\/media?parent=816"}],"wp:term":[{"taxonomy":"category","embeddable":true,"href":"https:\/\/bznd.org\/index.php\/wp-json\/wp\/v2\/categories?post=816"},{"taxonomy":"post_tag","embeddable":true,"href":"https:\/\/bznd.org\/index.php\/wp-json\/wp\/v2\/tags?post=816"}],"curies":[{"name":"wp","href":"https:\/\/api.w.org\/{rel}","templated":true}]}}